[{"@context":"https:\/\/schema.org\/","@type":"Article","@id":"https:\/\/www.spojnice.cz\/slavime-narozeniny\/#Article","mainEntityOfPage":"https:\/\/www.spojnice.cz\/slavime-narozeniny\/","headline":"Slav\u00edme narozeniny","name":"Slav\u00edme narozeniny","description":"Ve volb\u011b, koho pozvat p\u016fjde p\u0159edev\u0161\u00edm o p\u0159\u00edbuzn\u00e9 a zn\u00e1m\u00e9. Zda pozvat tetu Martu, \u201etu co se tolik cpe\u201c. Anebo str\u00fdce K\u00e1ju, \u201etoho ne, ten zase moc chlast\u00e1\u201c. Nebo zda pozvat spoluzam\u011bstnance. \u0160\u00e9fa jo, \u201ctoho mus\u00edme, ale rad\u0161i ne, zase by remcal, osel starej\u201c. Tak takov\u00e9 my\u0161lenkov\u00e9 pochody se odehr\u00e1vaj\u00ed v hlav\u011b dosp\u011bl\u00e9ho oslavence. A [&hellip;]","datePublished":"2019-09-12","dateModified":"2023-04-28","author":{"@type":"Person","@id":"https:\/\/www.spojnice.cz\/author\/#Person","name":"spojnice.cz\n","url":"https:\/\/www.spojnice.cz\/author\/","identifier":1,"image":{"@type":"ImageObject","@id":"https:\/\/secure.gravatar.com\/avatar\/87132efef9f5972c3e770e1fb0907fb3dcc1311f82da5f30bffbae0bd81cf8c0?s=96&d=mm&r=g","url":"https:\/\/secure.gravatar.com\/avatar\/87132efef9f5972c3e770e1fb0907fb3dcc1311f82da5f30bffbae0bd81cf8c0?s=96&d=mm&r=g","height":96,"width":96}},"publisher":{"@type":"Organization","name":"spojnice.cz","logo":{"@type":"ImageObject","@id":"\/logo.png","url":"\/logo.png","width":600,"height":60}},"image":{"@type":"ImageObject","@id":"https:\/\/www.spojnice.cz\/wp-content\/uploads\/img_a362364_w1755_t1575461646.jpg","url":"https:\/\/www.spojnice.cz\/wp-content\/uploads\/img_a362364_w1755_t1575461646.jpg","height":0,"width":0},"url":"https:\/\/www.spojnice.cz\/slavime-narozeniny\/","about":["Z\u00e1bava"],"wordCount":441,"articleBody":"        Ve volb\u011b, koho pozvat p\u016fjde p\u0159edev\u0161\u00edm o p\u0159\u00edbuzn\u00e9 a zn\u00e1m\u00e9. Zda pozvat tetu Martu, \u201etu co se tolik cpe\u201c. Anebo str\u00fdce K\u00e1ju, \u201etoho ne, ten zase moc chlast\u00e1\u201c. Nebo zda pozvat spoluzam\u011bstnance. \u0160\u00e9fa jo, \u201ctoho mus\u00edme, ale rad\u0161i ne, zase by remcal, osel starej\u201c. Tak takov\u00e9 my\u0161lenkov\u00e9 pochody se odehr\u00e1vaj\u00ed v hlav\u011b dosp\u011bl\u00e9ho oslavence. A co\u017e teprve d\u011btsk\u00e9 oslava. Ta je na pozv\u00e1n\u00ed tro\u0161ku jednodu\u0161\u0161\u00ed, ale zase d\u011bti jsou hodn\u011b n\u00e1ro\u010dn\u011bj\u0161\u00ed na z\u00e1bavu. Jen alkohol jim nesta\u010d\u00ed, tedy, vlastn\u011b, oni jej je\u0161t\u011b nepij\u00ed. Tak\u017ee dort\u00edky a \u0161leha\u010dka. Ale kdo bude, b\u00e1snicky \u0159e\u010deno, poutat jejich pozornost? T\u00edmto se pomali\u010dku dost\u00e1v\u00e1me k j\u00e1dru pudla, toti\u017e kdo bude p\u0159\u00edtomn\u00e9 n\u011b\u010d\u00edm bavit. Tyto starosti si m\u016f\u017eeme odpustit. Oslava narozenin V\u00e1s kouzeln\u00edk pot\u0159ebn\u00e9 za\u0159\u00edd\u00ed a postar\u00e1 se, aby nebyla nuda. D\u011bti budou nad\u0161eny, budou sed\u011bt jako puti\u010dky a jen sledovat d\u011bn\u00ed. P\u0159idaj\u00ed se rodi\u010de a hned budou v\u0161ichni pohromad\u011b, tak jak to m\u00e1 na oslav\u011b b\u00fdt. Samoz\u0159ejm\u011b p\u0159i tom m\u016f\u017ee pokra\u010dovat i konzumace. O\u017eivit jakoukoli oslavu, je jedno zda d\u011btem \u010di dosp\u011bl\u00fdm, nen\u00ed zase tak jednoduch\u00e1 z\u00e1le\u017eitost. Je to proto, \u017ee se nenarodil \u010dlov\u011bk ten, aby se zachoval lidem v\u0161em. Tak to \u0159\u00edkala babi\u010dka Bo\u017eeny N\u011bmcov\u00e9, a tak to tak\u00e9 je. Pramen\u00ed to z r\u016fznosti lidsk\u00fdch povah. Co se l\u00edb\u00ed jednomu, nemus\u00ed se l\u00edbit druh\u00e9mu. Co\u017e v praxi na oslav\u011b znamen\u00e1, \u017ee jeden pije slivovici, druh\u00fd rum a t\u0159et\u00ed t\u0159eba jen pivo. Tak\u017ee je t\u0159eba s\u00e1hnout v\u0161ude, a m\u00edt po ruce v\u0161e. Od ka\u017ed\u00e9ho kousek a ka\u017ed\u00e9mu trochu. P\u0159itom v\u0161em bude t\u0159eba k\u00e1pnout do noty. A to i r\u016fzn\u00fdm v\u011bkov\u00fdm kategori\u00edm, co\u017e se v\u00e1m d\u00edky v\u00fd\u0161e zm\u00edn\u011bn\u00e9mu povede. Pokud se bude pr\u00e1v\u011b o t\u00e9to oslav\u011b po n\u00ed je\u0161t\u011b m\u011bs\u00edc \u010di dva hovo\u0159it, bude jasn\u00e9, \u017ee se v\u0161e poda\u0159ilo a v\u0161e prob\u011bhlo, jak m\u011blo. V r\u00e1mci mo\u017enost\u00ed se zvl\u00e1dly i ne\u010dekan\u00e9 v\u011bci a p\u0159\u00ed\u0161t\u011b se budou v\u0161ichni, kte\u0159\u00ed zde byli t\u011b\u0161it zase. Tak to m\u00e1 b\u00fdt a vyhl\u00ed\u017eejme proto op\u011bt dal\u0161\u00ed setk\u00e1n\u00ed na jak\u00e9koli oslav\u011b.                                                                                                                                                                                                                                                                                                                                                                                          3.4\/5 - (7 votes)        "},{"@context":"https:\/\/schema.org\/","@type":"BreadcrumbList","itemListElement":[{"@type":"ListItem","position":1,"name":"Slav\u00edme narozeniny","item":"https:\/\/www.spojnice.cz\/slavime-narozeniny\/#breadcrumbitem"}]}]