[{"@context":"https:\/\/schema.org\/","@type":"Article","@id":"https:\/\/www.spojnice.cz\/uklid-bez-prace\/#Article","mainEntityOfPage":"https:\/\/www.spojnice.cz\/uklid-bez-prace\/","headline":"\u00daklid bez pr\u00e1ce","name":"\u00daklid bez pr\u00e1ce","description":"V\u00e1no\u010dn\u00ed \u010das je za dve\u0159mi a mnoho z n\u00e1m nemysl\u00ed na nic jin\u00e9ho, ne\u017e na to, jak si o sv\u00e1tc\u00edch odpo\u010dne. Ne\u017e se v\u0161ak pust\u00edte do v\u00e1no\u010dn\u00edho leno\u0161en\u00ed, m\u011bli byste sv\u016fj domov je\u0161t\u011b po\u0159\u00e1dn\u011b poklidit. S t\u00edm je samoz\u0159ejm\u011b spjat \u00faklid, jak uvnit\u0159 domu, tak i okolo n\u011bj. K tomu samoz\u0159ejm\u011b pat\u0159\u00ed tak\u00e9 v\u00e1no\u010dn\u00ed v\u00fdzdoba [&hellip;]","datePublished":"2019-11-07","dateModified":"2023-04-28","author":{"@type":"Person","@id":"https:\/\/www.spojnice.cz\/author\/#Person","name":"spojnice.cz\n","url":"https:\/\/www.spojnice.cz\/author\/","identifier":1,"image":{"@type":"ImageObject","@id":"https:\/\/secure.gravatar.com\/avatar\/87132efef9f5972c3e770e1fb0907fb3dcc1311f82da5f30bffbae0bd81cf8c0?s=96&d=mm&r=g","url":"https:\/\/secure.gravatar.com\/avatar\/87132efef9f5972c3e770e1fb0907fb3dcc1311f82da5f30bffbae0bd81cf8c0?s=96&d=mm&r=g","height":96,"width":96}},"publisher":{"@type":"Organization","name":"spojnice.cz","logo":{"@type":"ImageObject","@id":"\/logo.png","url":"\/logo.png","width":600,"height":60}},"image":{"@type":"ImageObject","@id":"https:\/\/www.spojnice.cz\/wp-content\/uploads\/img_a365114_w1755_t1578168222.jpg","url":"https:\/\/www.spojnice.cz\/wp-content\/uploads\/img_a365114_w1755_t1578168222.jpg","height":0,"width":0},"url":"https:\/\/www.spojnice.cz\/uklid-bez-prace\/","about":["Domov"],"wordCount":442,"articleBody":"       V\u00e1no\u010dn\u00ed \u010das je za dve\u0159mi a mnoho z n\u00e1m nemysl\u00ed na nic jin\u00e9ho, ne\u017e na to, jak si o sv\u00e1tc\u00edch odpo\u010dne. Ne\u017e se v\u0161ak pust\u00edte do v\u00e1no\u010dn\u00edho leno\u0161en\u00ed, m\u011bli byste sv\u016fj domov je\u0161t\u011b po\u0159\u00e1dn\u011b poklidit. S t\u00edm je samoz\u0159ejm\u011b spjat \u00faklid, jak uvnit\u0159 domu, tak i okolo n\u011bj. K tomu samoz\u0159ejm\u011b pat\u0159\u00ed tak\u00e9 v\u00e1no\u010dn\u00ed v\u00fdzdoba a dal\u0161\u00ed. Jestli\u017ee v\u0161ak na toto v\u0161echno nem\u00e1te dostatek \u010dasu, je dobr\u00e9 si zavolat profesion\u00e1ln\u00ed slu\u017ebu, kter\u00e1 ve\u0161kerou pr\u00e1ci zvl\u00e1dne za V\u00e1s. Myt\u00ed v\u00fdloh Praha, je jedni\u010dkou v oboru a zajist\u00ed V\u00e1m ve\u0161ker\u00e9 slu\u017eby od myt\u00ed oken, v\u00fdloh a\u017e po \u00faklid dom\u00e1cnosti a to za velice p\u0159\u00edjemn\u00e9 ceny, kter\u00e9 jen tak v okol\u00ed nenajdete.   Tato v\u0161estrann\u00e1 firma je dlouhodob\u011b na trhu a zaji\u0161tuje myt\u00ed oken a v\u00fdloh a to od profesion\u00e1ln\u011b pro\u0161kolen\u00fdch zam\u011bstnanc\u016f. Zapome\u0148te na dlouh\u00e9 hodiny str\u00e1ven\u00e9 \u00faklidem p\u0159ed V\u00e1nocemi a ud\u011blejte to letos jinak. Nen\u00ed nic jednodu\u0161\u0161\u00edho ne\u017e zabrouzdat na webov\u00e9 str\u00e1nky a vyplnit osobn\u00ed \u00fadaje a za\u017e\u00e1dat si o \u00faklid, \u010di myt\u00ed oken na term\u00edn co pot\u0159ebujete. Samoz\u0159ejm\u011b si m\u016f\u017eete domluvit slu\u017eby t\u00e9to firmy i telefonicky a zeptat se na n\u011bkter\u00e9 podrobn\u011bj\u0161\u00ed informace ohledn\u011b \u00faklidu va\u0161eho domu.  Firma nab\u00edz\u00ed i v\u00fdjime\u010dn\u00e9 slu\u017eby jako je t\u0159eba \u017eehlen\u00ed pr\u00e1dla, \u010di\u0161t\u011bn\u00ed koberc\u016f a \u010daloun\u011bn\u00e9ho n\u00e1bytku a dal\u0161\u00ed. V\u0161e bude z\u00e1le\u017eet jen na va\u0161\u00ed domluv\u011b a p\u0159\u00e1n\u00ed, co p\u0159esn\u011b byste cht\u011bli u V\u00e1s doma ud\u011blat. Firma se sna\u017e\u00ed co nejv\u00edce vyhov\u011bt sv\u00fdm z\u00e1kazn\u00edk\u016fm a mo\u017en\u00e1 proto, je jedna z nejlep\u0161\u00edch firem v okol\u00ed, co se t\u00fd\u010de \u00faklid\u016f a myt\u00ed oken \u010di v\u00fdloh. O tom samoz\u0159ejm\u011b sv\u011bd\u010d\u00ed i kladn\u00e9 ohlasy z\u00e1kazn\u00edk\u016f a jejich spokojenost. Bu\u010fte letos o krok nap\u0159ed a nep\u0159em\u00fd\u0161lejte nad t\u00edm, kdy budete m\u00edt \u010das na V\u00e1\u0161 gener\u00e1ln\u00ed \u00faklid p\u0159ed V\u00e1nocemi. Rad\u011bji si objednejte profesion\u00e1ln\u00ed slu\u017eby a vyu\u017eijte firmu, kter\u00e1 se na to p\u0159\u00edmo specializuje. Ur\u010dit\u011b nebudete zklaman\u00ed a mo\u017en\u00e1 to nebude naposled, co dan\u00e9 slu\u017eby vyu\u017eijete, nejen \u017ee u\u0161et\u0159\u00edte \u010das, kter\u00fd byste vyu\u017eili jinak, ale tak\u00e9 to budete m\u00edt bez n\u00e1mahy.                                                                                                                                                                                                                                                                                                                                                                                           3.9\/5 - (10 votes)        "},{"@context":"https:\/\/schema.org\/","@type":"BreadcrumbList","itemListElement":[{"@type":"ListItem","position":1,"name":"\u00daklid bez pr\u00e1ce","item":"https:\/\/www.spojnice.cz\/uklid-bez-prace\/#breadcrumbitem"}]}]