[{"@context":"https:\/\/schema.org\/","@type":"Article","@id":"https:\/\/www.spojnice.cz\/uzijte-si-vanoce-a-koberce-sverte-profikum\/#Article","mainEntityOfPage":"https:\/\/www.spojnice.cz\/uzijte-si-vanoce-a-koberce-sverte-profikum\/","headline":"U\u017eijte si V\u00e1noce a koberce sv\u011b\u0159te prof\u00edk\u016fm!","name":"U\u017eijte si V\u00e1noce a koberce sv\u011b\u0159te prof\u00edk\u016fm!","description":"Ten, kdo si chce v\u00e1noce skute\u010dn\u011b u\u017e\u00edt, ud\u011bl\u00e1 nejl\u00e9pe, kdy\u017e na sv\u00e1 bedra nebude nakl\u00e1dat dal\u0161\u00ed a dal\u0161\u00ed povinnosti a rad\u011bji zpomal\u00ed a bude nas\u00e1vat sv\u00e1te\u010dn\u00ed atmosf\u00e9ru. V\u017edy\u0165 mnohem lep\u0161\u00ed vzpom\u00ednky budete m\u00edt na to, jak jste se o v\u00e1noc\u00edch radovali, ne\u017e na to, jak jste se honili, a\u017e jste z toho onemocn\u011bli. S V\u00e1noci [&hellip;]","datePublished":"2019-09-20","dateModified":"2023-04-28","author":{"@type":"Person","@id":"https:\/\/www.spojnice.cz\/author\/#Person","name":"spojnice.cz\n","url":"https:\/\/www.spojnice.cz\/author\/","identifier":1,"image":{"@type":"ImageObject","@id":"https:\/\/secure.gravatar.com\/avatar\/87132efef9f5972c3e770e1fb0907fb3dcc1311f82da5f30bffbae0bd81cf8c0?s=96&d=mm&r=g","url":"https:\/\/secure.gravatar.com\/avatar\/87132efef9f5972c3e770e1fb0907fb3dcc1311f82da5f30bffbae0bd81cf8c0?s=96&d=mm&r=g","height":96,"width":96}},"publisher":{"@type":"Organization","name":"spojnice.cz","logo":{"@type":"ImageObject","@id":"\/logo.png","url":"\/logo.png","width":600,"height":60}},"image":{"@type":"ImageObject","@id":"https:\/\/www.spojnice.cz\/wp-content\/uploads\/img_a365658_w1755_t1578391188.jpg","url":"https:\/\/www.spojnice.cz\/wp-content\/uploads\/img_a365658_w1755_t1578391188.jpg","height":0,"width":0},"url":"https:\/\/www.spojnice.cz\/uzijte-si-vanoce-a-koberce-sverte-profikum\/","about":["Domov"],"wordCount":414,"articleBody":"          Ten, kdo si chce v\u00e1noce skute\u010dn\u011b u\u017e\u00edt, ud\u011bl\u00e1 nejl\u00e9pe, kdy\u017e na sv\u00e1 bedra nebude nakl\u00e1dat dal\u0161\u00ed a dal\u0161\u00ed povinnosti a rad\u011bji zpomal\u00ed a bude nas\u00e1vat sv\u00e1te\u010dn\u00ed atmosf\u00e9ru. V\u017edy\u0165 mnohem lep\u0161\u00ed vzpom\u00ednky budete m\u00edt na to, jak jste se o v\u00e1noc\u00edch radovali, ne\u017e na to, jak jste se honili, a\u017e jste z toho onemocn\u011bli.  S V\u00e1noci se v\u017edy poj\u00ed tak\u00e9 velk\u00fd \u00faklid, kter\u00fd se v tomto obdob\u00ed vyhne jen m\u00e1lokter\u00e9 dom\u00e1cnosti. A pr\u00e1v\u011b ten b\u00fdv\u00e1 zdrojem velk\u00e9ho neklidu, \u00fanavy, bolest\u00ed a stresu. Tak\u017ee v\u00fdsledkem je sice dokonale uklizen\u00e1 dom\u00e1cnost, ale nav\u00edc i naprosto vy\u010derpan\u00e1 hospodyn\u011b. Ov\u0161em nic takov\u00e9ho nen\u00ed pot\u0159eba. Jestli\u017ee se chcete vyhnout zbyte\u010dn\u00e9 d\u0159in\u011b stresu, tak takov\u00fd \u00faklid bu\u010f ned\u011blejte, anebo jej sv\u011b\u0159te n\u011bkomu jin\u00e9mu. Na trhu je dnes spousta firem a \u017eivnostn\u00edk\u016f, kte\u0159\u00ed v\u00e1m v tomto ohledu r\u00e1di nab\u00eddnou sv\u00e9 slu\u017eby a pomocnou ruku. M\u00e1te pocit, \u017ee si podobn\u00e9 slu\u017eby nem\u016f\u017eete dovolit? \u0160et\u0159\u00edte pen\u00edze anebo m\u00e1te pocit, \u017ee p\u00e9\u010de o va\u0161i dom\u00e1cnost je pouze va\u0161e starost? V tom p\u0159\u00edpad\u011b p\u0159enechte profesion\u00e1l\u016fm aspo\u0148 ty nejv\u00edce nam\u00e1hav\u00e9 a n\u00e1ro\u010dn\u00e9 \u010dinnosti, kter\u00e9 vy\u017eaduj\u00ed mnoho fyzick\u00fdch sil a \u010dasu. \u0158e\u010d je nap\u0159\u00edklad o \u010di\u0161t\u011bn\u00ed koberc\u016f. Profesion\u00e1ln\u00ed \u010di\u0161t\u011bn\u00ed koberc\u016f v\u00e1m u\u0161et\u0159\u00ed \u010das, ale i pen\u00edze! Mo\u017en\u00e1 budete p\u0159ekvapeni, ale investovat do profesion\u00e1ln\u00edho \u010di\u0161t\u011bn\u00ed koberc\u016f Praha se jednozna\u010dn\u011b vyplat\u00ed. Nejen\u017ee se zbav\u00edte nep\u0159\u00edjemn\u00e9 dom\u00e1c\u00ed pr\u00e1ce, kterou je pot\u0159eba \u010das od \u010dasu ud\u011blat, ale je\u0161t\u011b nav\u00edc z\u00edsk\u00e1te dokonal\u00e9 slu\u017eby, kter\u00e9 zajist\u00ed, \u017ee m\u016f\u017eete n\u00e1kup nov\u00e9ho b\u011bhounu anebo seda\u010dky, klidn\u011b o n\u011bkolik let odlo\u017eit. Profesion\u00e1lov\u00e9 na slovo vzat\u00ed, kte\u0159\u00ed se ve sv\u00e9 pr\u00e1ci dokonale vyznaj\u00ed, se postaraj\u00ed o to, \u017ee z va\u0161eho vybaven\u00ed zmiz\u00ed nejen nevzhledn\u00e9 skvrny a b\u011b\u017en\u00e1 \u0161p\u00edna, ale tak\u00e9 vy\u0161lapan\u00e9 cesti\u010dky anebo z\u00e1pach. Tak\u017ee b\u011bhouny a seda\u010dky, kter\u00e9 jim sv\u011b\u0159\u00edte, budou za p\u00e1r hodin vypadat jako nov\u00e9, jako kdybyste si je zrovna p\u0159ivezli z obchodu. A to je investice, kter\u00e1 se vyplat\u00ed!                                                                                                                                                                                                                                                                                                                                                                                          4.2\/5 - (5 votes)        "},{"@context":"https:\/\/schema.org\/","@type":"BreadcrumbList","itemListElement":[{"@type":"ListItem","position":1,"name":"U\u017eijte si V\u00e1noce a koberce sv\u011b\u0159te prof\u00edk\u016fm!","item":"https:\/\/www.spojnice.cz\/uzijte-si-vanoce-a-koberce-sverte-profikum\/#breadcrumbitem"}]}]